{"id":720,"date":"2019-01-14T09:30:24","date_gmt":"2019-01-14T08:30:24","guid":{"rendered":"http:\/\/compak-sporting.de\/?p=720"},"modified":"2019-01-18T12:49:00","modified_gmt":"2019-01-18T11:49:00","slug":"auferstehung-in-sedlecko","status":"publish","type":"post","link":"https:\/\/compak-sporting.de\/?p=720","title":{"rendered":"Auferstehung in Sedle\u010dko"},"content":{"rendered":"\n<p>Am 23. M\u00e4rz ist es soweit. Der erste Jagdparcours nach dem &#8222;Umbau&#8220;. Marek \u0160kanta veranstaltet einen 150 Scheiben Jagdparcours. Die weiteren Termine werden im Kalender erg\u00e4nzt. Der Link zur Homepage ist <a rel=\"noreferrer noopener\" aria-label=\" (\u00f6ffnet in neuem Tab)\" href=\"http:\/\/www.parcours.cz\" target=\"_blank\">hier<\/a>.<br><br><strong>NEU:<\/strong> Es wird <strong>bleifrei<\/strong> geschossen. Siehe auch <a href=\"http:\/\/compak-sporting.de\/der-umwelt-zuliebe\">hier<\/a>.<\/p>\n","protected":false},"excerpt":{"rendered":"<p>Am 23. M\u00e4rz ist es soweit. Der erste Jagdparcours nach dem &#8222;Umbau&#8220;. Marek \u0160kanta veranstaltet einen 150 Scheiben Jagdparcours. Die weiteren Termine werden im Kalender erg\u00e4nzt. Der Link zur Homepage ist hier. NEU: Es wird bleifrei geschossen. Siehe auch hier.<\/p>\n","protected":false},"author":1,"featured_media":0,"comment_status":"open","ping_status":"open","sticky":false,"template":"","format":"standard","meta":{"ngg_post_thumbnail":0,"footnotes":""},"categories":[7,6],"tags":[113,111,112,114],"class_list":{"0":"entry","1":"post","2":"publish","3":"author-matmac","4":"post-720","6":"format-standard","7":"category-compak-sporting","8":"category-sporting","9":"post_tag-marek","10":"post_tag-sedlecko","11":"post_tag-tschechien","12":"post_tag-ustalec"},"_links":{"self":[{"href":"https:\/\/compak-sporting.de\/index.php?rest_route=\/wp\/v2\/posts\/720","targetHints":{"allow":["GET"]}}],"collection":[{"href":"https:\/\/compak-sporting.de\/index.php?rest_route=\/wp\/v2\/posts"}],"about":[{"href":"https:\/\/compak-sporting.de\/index.php?rest_route=\/wp\/v2\/types\/post"}],"author":[{"embeddable":true,"href":"https:\/\/compak-sporting.de\/index.php?rest_route=\/wp\/v2\/users\/1"}],"replies":[{"embeddable":true,"href":"https:\/\/compak-sporting.de\/index.php?rest_route=%2Fwp%2Fv2%2Fcomments&post=720"}],"version-history":[{"count":3,"href":"https:\/\/compak-sporting.de\/index.php?rest_route=\/wp\/v2\/posts\/720\/revisions"}],"predecessor-version":[{"id":772,"href":"https:\/\/compak-sporting.de\/index.php?rest_route=\/wp\/v2\/posts\/720\/revisions\/772"}],"wp:attachment":[{"href":"https:\/\/compak-sporting.de\/index.php?rest_route=%2Fwp%2Fv2%2Fmedia&parent=720"}],"wp:term":[{"taxonomy":"category","embeddable":true,"href":"https:\/\/compak-sporting.de\/index.php?rest_route=%2Fwp%2Fv2%2Fcategories&post=720"},{"taxonomy":"post_tag","embeddable":true,"href":"https:\/\/compak-sporting.de\/index.php?rest_route=%2Fwp%2Fv2%2Ftags&post=720"}],"curies":[{"name":"wp","href":"https:\/\/api.w.org\/{rel}","templated":true}]}}