{"id":628,"date":"2018-07-15T22:00:31","date_gmt":"2018-07-15T21:00:31","guid":{"rendered":"http:\/\/compak-sporting.de\/?p=628"},"modified":"2019-01-11T09:41:35","modified_gmt":"2019-01-11T08:41:35","slug":"wm-2018-btc-st-lambert","status":"publish","type":"post","link":"https:\/\/compak-sporting.de\/?p=628","title":{"rendered":"WM 2018 BTC St. Lambert"},"content":{"rendered":"\n<p>Dieses Jahr fand die Weltmeisterschaft im Parcoursschie\u00dfen in Frankreich statt. Die Anmeldung funktionierte problemlos \u00fcber die internationale Seite der FITASC und musste nicht umst\u00e4ndlich \u00fcber den Verein und den DSB erfolgen.<br>Alle Vorbereitungen waren getroffen, ein Europ\u00e4ischer Feuerwaffen Pass ausgestellt, Versicherungen f\u00fcr Auto und Material waren schon vorhanden und am 07.07. ging es los via Luxemburg und Belgien in Richtung Nordfrankreich. Laon war das Ziel, 55 km nordwestlich von Reims, dem gr\u00f6\u00dften, zusammenh\u00e4ngenden, unter Denkmalschutz stehenden Gebiet in Frankreich.<\/p>\n\n\n\n<p>Gleich am n\u00e4chsten Tag ging es in Richtung BTC St. Lambert, wo es f\u00fcr G\u00e4ste m\u00f6glich war, schon vor dem offiziellen Training f\u00fcr 40ct\/Scheibe zu \u00fcben. Was in den Tagen vor dem Wettkampf auch ausf\u00fchrlich praktiziert wurde.<\/p>\n\n\n\n<figure class=\"wp-block-image\"><img loading=\"lazy\" decoding=\"async\" width=\"768\" height=\"512\" src=\"http:\/\/compak-sporting.de\/wp-content\/uploads\/2019\/01\/20180710_122446-768x512.jpg\" alt=\"\" class=\"wp-image-634\" srcset=\"https:\/\/compak-sporting.de\/wp-content\/uploads\/2019\/01\/20180710_122446-768x512.jpg 768w, https:\/\/compak-sporting.de\/wp-content\/uploads\/2019\/01\/20180710_122446-300x200.jpg 300w, https:\/\/compak-sporting.de\/wp-content\/uploads\/2019\/01\/20180710_122446-1024x683.jpg 1024w\" sizes=\"auto, (max-width: 768px) 100vw, 768px\" \/><figcaption>Anstehen f\u00fcr das Training vor der WM<\/figcaption><\/figure>\n\n\n\n<p>Die Landschaft rund um Laon wird von der Landwirtschaft dominiert und bei 33 \u00b0C \u2026 36 \u00b0C waren die Maschinen voll mit der Ernte besch\u00e4ftigt. Man selbst versuchte mit ausreichend Fl\u00fcssigkeit dem Durst vorzubeugen.<\/p>\n\n\n\n<p>Am Vorabend des Wettkampfes gab es im Hypodrom, der Pferderennbahn in Laon, einen Empfang der \u00fcber 1300 Sch\u00fctzen mit Politprominenz, der Sportverb\u00e4nde und dem Vorsitzenden des BTC.<\/p>\n\n\n\n<p>Nach einer Ansprache auf Franz\u00f6sisch und Englisch gab es den Einlauf der Mannschaften zu den Nationalhymnen. Die deutsche Mannschaft entsprach mit dunkelblauen Blazern und kakifarbenen Hosen f\u00fcr die Herren und R\u00f6cken f\u00fcr die Damen dem Dresscode.<br>Ein paar Spa\u00dfv\u00f6gel aus Nordamerika sorgten im Clownskost\u00fcm f\u00fcr Aufregung und benahmen sich \u2013 zwar nicht stellvertretend f\u00fcr das Land \u2013 dem entsprechend passend zu ihrem Kost\u00fcm. Zu den von uns am weitesten entfernten Nationen geh\u00f6rten u. a. Australien, Thailand und Brasilien. Im Anschluss gab es einen Sektempfang und die Ausgabe der Startnummern und Zeitpl\u00e4ne.<\/p>\n\n\n\n<figure class=\"wp-block-image\"><img loading=\"lazy\" decoding=\"async\" width=\"1024\" height=\"665\" src=\"http:\/\/compak-sporting.de\/wp-content\/uploads\/2019\/01\/20180711_201010-1024x665.jpg\" alt=\"\" class=\"wp-image-632\" srcset=\"https:\/\/compak-sporting.de\/wp-content\/uploads\/2019\/01\/20180711_201010-1024x665.jpg 1024w, https:\/\/compak-sporting.de\/wp-content\/uploads\/2019\/01\/20180711_201010-300x195.jpg 300w, https:\/\/compak-sporting.de\/wp-content\/uploads\/2019\/01\/20180711_201010-768x498.jpg 768w\" sizes=\"auto, (max-width: 1024px) 100vw, 1024px\" \/><figcaption>Ausgabe der Startnummern und Zeitpl\u00e4ne im Hypodrome in Laon, Frankreich<\/figcaption><\/figure>\n\n\n\n<p>In den folgenden vier Tagen wurden auf den Linien LaPorte, Hull, Krieghoff, Volvo, Beretta, Blaser, B&amp;P und Gamebore geschossen. Die Rotte (squad) Nr. 77 war mit England, Frankreich, Belgien, den USA und Deutschland vertreten.<br>W\u00e4hrend des Wettkampfes, aber auch im Anschluss wurden viele neue Freundschaften gekn\u00fcpft und es gab auf privater Ebene mit einem lustigen Haufen Australier, am Nationalfeiertag von Frankreich, noch ein kleines Grillen in einem Ch\u00e2teau auf dem Land.<\/p>\n\n\n\n<figure class=\"wp-block-image\"><img loading=\"lazy\" decoding=\"async\" width=\"1024\" height=\"576\" src=\"http:\/\/compak-sporting.de\/wp-content\/uploads\/2019\/01\/IMG-20180714-WA0001-1024x576.jpeg\" alt=\"\" class=\"wp-image-633\" srcset=\"https:\/\/compak-sporting.de\/wp-content\/uploads\/2019\/01\/IMG-20180714-WA0001-1024x576.jpeg 1024w, https:\/\/compak-sporting.de\/wp-content\/uploads\/2019\/01\/IMG-20180714-WA0001-300x169.jpeg 300w, https:\/\/compak-sporting.de\/wp-content\/uploads\/2019\/01\/IMG-20180714-WA0001-768x432.jpeg 768w\" sizes=\"auto, (max-width: 1024px) 100vw, 1024px\" \/><\/figure>\n\n\n\n<p>Am letzten Tag wurden noch einmal alle Kr\u00e4fte mobilisiert. In jedem Fall war es eine tolle Veranstaltung. Wenn alles gut geht, sehen wir uns das n\u00e4chste Jahr in England alle wieder.<\/p>\n\n\n\nngg_shortcode_0_placeholder\n\n\n\n<p><table>\n<tbody>\n<tr>\n<td width=\"9%\">1<\/td>\n<td>AUVRET, Christophe<\/td>\n<td width=\"6%\"><img decoding=\"async\" title=\"FRA\" src=\"https:\/\/www.fitasc.com\/img\/flag\/fra.png\" \/><\/td>\n<td width=\"6%\">24<\/td>\n<td width=\"6%\">24<\/td>\n<td width=\"6%\">23<\/td>\n<td width=\"6%\">24<\/td>\n<td width=\"6%\">25<\/td>\n<td width=\"6%\">24<\/td>\n<td width=\"6%\">23<\/td>\n<td width=\"6%\">24<\/td>\n<td width=\"6%\"><\/td>\n<td width=\"8%\">191<\/td>\n<\/tr>\n<tr>\n<td>2<\/td>\n<td>KIENBAUM, Zachary<\/td>\n<td><img decoding=\"async\" title=\"USA\" src=\"https:\/\/www.fitasc.com\/img\/flag\/usa.png\" \/><\/td>\n<td>22<\/td>\n<td>24<\/td>\n<td>22<\/td>\n<td>24<\/td>\n<td>25<\/td>\n<td>25<\/td>\n<td>24<\/td>\n<td>24<\/td>\n<td>24<\/td>\n<td>190<\/td>\n<\/tr>\n<tr>\n<td>3<\/td>\n<td>MORIN, Maxime<\/td>\n<td><img decoding=\"async\" title=\"FRA\" src=\"https:\/\/www.fitasc.com\/img\/flag\/fra.png\" \/><\/td>\n<td>24<\/td>\n<td>25<\/td>\n<td>24<\/td>\n<td>25<\/td>\n<td>23<\/td>\n<td>23<\/td>\n<td>22<\/td>\n<td>24<\/td>\n<td>17<\/td>\n<td>190<\/td>\n<\/tr>\n<tr>\n<td>4<\/td>\n<td>SACRIPANTI, Samuele<\/td>\n<td><img decoding=\"async\" title=\"ITA\" src=\"https:\/\/www.fitasc.com\/img\/flag\/ita.png\" \/><\/td>\n<td>24<\/td>\n<td>22<\/td>\n<td>24<\/td>\n<td>25<\/td>\n<td>24<\/td>\n<td>24<\/td>\n<td>25<\/td>\n<td>21<\/td>\n<td><\/td>\n<td>189<\/td>\n<\/tr>\n<\/tbody>\n<\/table><\/p>\n\n\n\n<p>Die vollst\u00e4ndige Ergebnisliste ist auf der Seite der <a href=\"https:\/\/www.fitasc.com\/fr\/resultats-pdf?competitionID=752&amp;shooter-type=individuel&amp;categorie=8&amp;shootercat=\">FITASC<\/a> zu finden.<\/p>\n","protected":false},"excerpt":{"rendered":"<p>Dieses Jahr fand die Weltmeisterschaft im Parcoursschie\u00dfen in Frankreich statt. Die Anmeldung funktionierte problemlos \u00fcber die internationale Seite der FITASC und musste nicht umst\u00e4ndlich \u00fcber den Verein und den DSB erfolgen.Alle Vorbereitungen waren getroffen, ein Europ\u00e4ischer Feuerwaffen Pass ausgestellt, Versicherungen f\u00fcr Auto und Material waren schon vorhanden und am 07.07. ging es los via Luxemburg &#8230; <span class=\"more\"><a class=\"more-link\" href=\"https:\/\/compak-sporting.de\/?p=628\">[Read more&#8230;]<\/a><\/span><\/p>\n","protected":false},"author":1,"featured_media":629,"comment_status":"open","ping_status":"open","sticky":false,"template":"","format":"standard","meta":{"ngg_post_thumbnail":0,"footnotes":""},"categories":[6],"tags":[106,107,108,105],"class_list":{"0":"entry","1":"post","2":"publish","3":"author-matmac","4":"post-628","6":"format-standard","7":"has-post-thumbnail","8":"category-sporting","9":"post_tag-btc","10":"post_tag-lambert","11":"post_tag-laon","12":"post_tag-wm"},"_links":{"self":[{"href":"https:\/\/compak-sporting.de\/index.php?rest_route=\/wp\/v2\/posts\/628","targetHints":{"allow":["GET"]}}],"collection":[{"href":"https:\/\/compak-sporting.de\/index.php?rest_route=\/wp\/v2\/posts"}],"about":[{"href":"https:\/\/compak-sporting.de\/index.php?rest_route=\/wp\/v2\/types\/post"}],"author":[{"embeddable":true,"href":"https:\/\/compak-sporting.de\/index.php?rest_route=\/wp\/v2\/users\/1"}],"replies":[{"embeddable":true,"href":"https:\/\/compak-sporting.de\/index.php?rest_route=%2Fwp%2Fv2%2Fcomments&post=628"}],"version-history":[{"count":3,"href":"https:\/\/compak-sporting.de\/index.php?rest_route=\/wp\/v2\/posts\/628\/revisions"}],"predecessor-version":[{"id":707,"href":"https:\/\/compak-sporting.de\/index.php?rest_route=\/wp\/v2\/posts\/628\/revisions\/707"}],"wp:featuredmedia":[{"embeddable":true,"href":"https:\/\/compak-sporting.de\/index.php?rest_route=\/wp\/v2\/media\/629"}],"wp:attachment":[{"href":"https:\/\/compak-sporting.de\/index.php?rest_route=%2Fwp%2Fv2%2Fmedia&parent=628"}],"wp:term":[{"taxonomy":"category","embeddable":true,"href":"https:\/\/compak-sporting.de\/index.php?rest_route=%2Fwp%2Fv2%2Fcategories&post=628"},{"taxonomy":"post_tag","embeddable":true,"href":"https:\/\/compak-sporting.de\/index.php?rest_route=%2Fwp%2Fv2%2Ftags&post=628"}],"curies":[{"name":"wp","href":"https:\/\/api.w.org\/{rel}","templated":true}]}}