{"id":2267,"date":"2022-05-31T12:24:11","date_gmt":"2022-05-31T11:24:11","guid":{"rendered":"https:\/\/compak-sporting.de\/?p=2267"},"modified":"2022-05-31T12:26:17","modified_gmt":"2022-05-31T11:26:17","slug":"9e-ticket-sportschuetzen-und-jaeger-sind-ausgeschlossen","status":"publish","type":"post","link":"https:\/\/compak-sporting.de\/?p=2267","title":{"rendered":"9\u20ac Ticket: Sportsch\u00fctzen und J\u00e4ger sind ausgeschlossen"},"content":{"rendered":"\n<figure class=\"wp-block-image size-full\"><img loading=\"lazy\" decoding=\"async\" width=\"848\" height=\"900\" src=\"https:\/\/compak-sporting.de\/wp-content\/uploads\/2022\/05\/848px-9-Euro-Tickets_VBB.jpg\" alt=\"\" class=\"wp-image-2266\" srcset=\"https:\/\/compak-sporting.de\/wp-content\/uploads\/2022\/05\/848px-9-Euro-Tickets_VBB.jpg 848w, https:\/\/compak-sporting.de\/wp-content\/uploads\/2022\/05\/848px-9-Euro-Tickets_VBB-283x300.jpg 283w, https:\/\/compak-sporting.de\/wp-content\/uploads\/2022\/05\/848px-9-Euro-Tickets_VBB-768x815.jpg 768w\" sizes=\"auto, (max-width: 848px) 100vw, 848px\" \/><figcaption>Das Foto der 9\u20ac Monatskarte vom WikipediaBenutzer Skydou23 [https:\/\/de.wikipedia.org\/wiki\/Datei:9-Euro-Tickets_VBB.jpg]<\/figcaption><\/figure>\n\n\n\n<p>Ab morgen (01.06.2022) ist das 9\u20ac-Ticket f\u00fcr einen Monat g\u00fcltig. Die Regierung Scholz will damit in erster Linie Pendler entlasten. Die durch den Angriff Russlands auf die Ukraine gestiegenen Energie-\/Benzinpreise belasten viele Kraftfahrzeugfahrer, die einen Anreiz bekommen sollen auf den \u00f6ffentlichen Personennahverkehr umzusteigen. Dies soll zudem die Umwelt schonen und sozial gerecht sein, denn der Tarif gilt f\u00fcr alle. Diejenigen, die bereits eine Monatsfahrkarte haben oder ein Semesterticket, bekommen zudem den bezahlten Aufpreis erstattet. Das Neun-Euro-Ticket betrifft alle \u00f6ffentlichen Verkehrsmittel, die im Nahverkehr eingesetzt werden. Dazu z\u00e4hlen also: Bus, S- und U-Bahn, Tram, Stra\u00dfen- und Regionalbahnen. In bestimmten Gebieten k\u00f6nnen auch F\u00e4hren und Seilbahnen mit dem Ticket genutzt werden.<br>M\u00f6chte man als Sportsch\u00fctze\/J\u00e4ger mit der Bahn in den Urlaub fahren oder Bekannte besuchen, ist das kein Problem. M\u00f6chte man jedoch die Waffe zum B\u00fcchsenmacher in die Stadt bringen, quer durch Deutschland zum Wettbewerb oder zum Training fahren oder an einer Jagd teilnehmen, muss man selbstverst\u00e4ndlich den eigenen PKW nutzen.<br>Wieso eigentlich?!<br>Nach dem allgemeinen Eisenbahngesetz (AEG) \u00a710 Bef\u00f6rderungspflicht, sind die \u00f6ffentlichen Eisenbahnverkehrsunternehmen zur Bef\u00f6rderung von Personen und Reisegep\u00e4ck verpflichtet. Doch jedes Unternehmen hat seine eigenen Bef\u00f6rderungsbedingungen.<\/p>\n\n\n\n<p>In den Bef\u00f6rderungsbedingungen der Deutsche Bahn AG (aktualisierter Stand vom 24.05.2022) steht unter A.7 Mitnahme von Handgep\u00e4ck, Elektrokleinstfahrzeugen, Traglasten und Tieren, 7.3 Bef\u00f6rderungsausschluss, 7.3.1 &#8220; \u2026 Ausgeschlossen sind insbesondere gef\u00e4hrliche Stoffe und Gegenst\u00e4nde, Schusswaffen, explosive und entz\u00fcndbare Stoffe und Gegenst\u00e4nde \u2026 Das Mitnahmeverbot nach Satz 1 und 2 gilt auch nicht f\u00fcr Schusswaffen von solchen Personen, die durch eine Erlaubnis nach \u00a7 10 Abs. 4 Satz 1 WaffG (\u201eWaffenschein\u201c) \u2013 ausgenommen jedoch Erlaubnisse nach \u00a7 10 Abs. 4 Satz 4 WaffG (\u201eKleiner Waffenschein\u201c) &#8211; oder eine Bescheinigung nach \u00a7 55 Abs. 2 oder 56 WaffG jeweils zum F\u00fchren dieser Schusswaffen in Z\u00fcgen zu Zwecken des Selbst- oder Drittpersonenschutzes berechtigt sind.&#8220;<\/p>\n\n\n\n<p>Wenn man also nicht Bodyguard oder dienstlich unterwegs ist, wird man ausgeschlossen. Ist das Ungleichbehandlung von Sachverhalten, also Willk\u00fcr? Geht ausgerechnet von den Privatpersonen, die in Deutschland streng \u00fcberpr\u00fcft werden, eine so gro\u00dfe Gefahr aus? Warum reagieren unsere Dachverb\u00e4nde DSB, BDS, DJV nicht?<\/p>\n\n\n\n<hr class=\"wp-block-separator has-alpha-channel-opacity\"\/>\n\n\n\n<p>Starting tomorrow (01.06.2022), the 9\u20ac ticket will be valid for one month. The Scholz government primarily wants to relieve commuters with this. The increased energy\/petrol prices caused by Russia&#8217;s attack on Ukraine are a burden on many motorists, who are to be given an incentive to switch to local public transport. This is also intended to be environmentally friendly and socially fair, as the tariff applies to everyone. Those who already have a monthly ticket or a student ticket will also be refunded the surcharge they paid. The nine-euro ticket applies to all means of public transport that are used in local traffic. This includes buses, suburban and subway trains, streetcars and regional trains. In certain areas, ferries and cable cars can also be used with the ticket.<br>If you want to go on vacation or visit friends by train as a sport shooter\/hunter, this is no problem. However, if you want to take your gun to the gunsmith in town, travel across Germany to a competition or training session, or take part in a hunt, you must of course use your own car.<br>Why is that?<br>According to the General Railway Act (AEG) \u00a710 obligation to carry, the public railroad companies are obliged to carry passengers and luggage. However, each company has its own conditions of carriage.<\/p>\n\n\n\n<p>In the conditions of carriage of Deutsche Bahn AG (updated status as of 24.05.2022), it is stated under 7.3 Exclusion of carriage: Excluded are in particular dangerous substances and objects, firearms, explosive and flammable substances and objects \u2026 The prohibition of carriage according to sentences 1 and 2 shall also not apply to firearms of such persons who have been granted a permit or a certificate according to in each case to carry these firearms in trains for the purpose of self-protection or the protection of third parties.<\/p>\n\n\n\n<p>So if you are not a bodyguard or on duty, you are excluded. Is this unequal treatment of facts, i.e. arbitrariness? Does such a great danger emanate from those private individuals, who are strictly monitored in Germany? Why do our umbrella organizations DSB, BDS, DJV not react?<\/p>\n","protected":false},"excerpt":{"rendered":"<p>F\u00fcr 9\u20ac im Monat quer durch Deutschland oder zumindest durch die Stadt. Doch nicht f\u00fcr alle legalen Waffenbesitzer.<\/p>\n","protected":false},"author":1,"featured_media":2266,"comment_status":"open","ping_status":"open","sticky":false,"template":"","format":"standard","meta":{"ngg_post_thumbnail":0,"footnotes":""},"categories":[26],"tags":[375,377,379,378,376],"class_list":{"0":"entry","1":"post","2":"publish","3":"author-matmac","4":"has-excerpt","5":"post-2267","7":"format-standard","8":"has-post-thumbnail","9":"category-blog","10":"post_tag-9e","11":"post_tag-bahn","12":"post_tag-nahverkehr","13":"post_tag-oepnv","14":"post_tag-ticket"},"_links":{"self":[{"href":"https:\/\/compak-sporting.de\/index.php?rest_route=\/wp\/v2\/posts\/2267","targetHints":{"allow":["GET"]}}],"collection":[{"href":"https:\/\/compak-sporting.de\/index.php?rest_route=\/wp\/v2\/posts"}],"about":[{"href":"https:\/\/compak-sporting.de\/index.php?rest_route=\/wp\/v2\/types\/post"}],"author":[{"embeddable":true,"href":"https:\/\/compak-sporting.de\/index.php?rest_route=\/wp\/v2\/users\/1"}],"replies":[{"embeddable":true,"href":"https:\/\/compak-sporting.de\/index.php?rest_route=%2Fwp%2Fv2%2Fcomments&post=2267"}],"version-history":[{"count":3,"href":"https:\/\/compak-sporting.de\/index.php?rest_route=\/wp\/v2\/posts\/2267\/revisions"}],"predecessor-version":[{"id":2270,"href":"https:\/\/compak-sporting.de\/index.php?rest_route=\/wp\/v2\/posts\/2267\/revisions\/2270"}],"wp:featuredmedia":[{"embeddable":true,"href":"https:\/\/compak-sporting.de\/index.php?rest_route=\/wp\/v2\/media\/2266"}],"wp:attachment":[{"href":"https:\/\/compak-sporting.de\/index.php?rest_route=%2Fwp%2Fv2%2Fmedia&parent=2267"}],"wp:term":[{"taxonomy":"category","embeddable":true,"href":"https:\/\/compak-sporting.de\/index.php?rest_route=%2Fwp%2Fv2%2Fcategories&post=2267"},{"taxonomy":"post_tag","embeddable":true,"href":"https:\/\/compak-sporting.de\/index.php?rest_route=%2Fwp%2Fv2%2Ftags&post=2267"}],"curies":[{"name":"wp","href":"https:\/\/api.w.org\/{rel}","templated":true}]}}