{"id":1598,"date":"2020-03-13T14:17:23","date_gmt":"2020-03-13T13:17:23","guid":{"rendered":"https:\/\/compak-sporting.de\/?p=1598"},"modified":"2020-03-13T17:27:53","modified_gmt":"2020-03-13T16:27:53","slug":"sars-cov-2-weitere-absagen","status":"publish","type":"post","link":"https:\/\/compak-sporting.de\/?p=1598","title":{"rendered":"SARS-CoV-2 &#8211; weitere Absagen"},"content":{"rendered":"\n<div class=\"entry-content\">\n<p>Wir erhalten soeben die Meldung vom Hessischen Sch\u00fctzenverband, dass folgende Veranstaltungen durch die weltweite Verbreitung des SARS-CoV-2 Virus abgesagt\/verschoben werden:<\/p>\n<p style=\"text-align: center;\"><strong>Hessische Meisterschaften (Landesmeisterschaften)<\/strong><\/p>\n<p>F\u00fcr die meisten Leser wird in Hessen nur die offene Hessische Meisterschaft im Compak-Sporting\u00ae und offene Hessische Meisterschaft im Parcours von Interesse sein. Weitere Landesverb\u00e4nde werden vermutlich nachziehen.<\/p>\n<hr class=\"wp-block-separator\">\n<p>Und gerade erreicht uns noch eine Eilmeldung vom Deutschen Sch\u00fctzenbund aus Wiesbaden:<\/p>\n<p style=\"text-align: center;\"><strong>DSB-Pr\u00e4sidium sagt alle nationalen Wettk\u00e4mpfe 2020 ab<br><\/strong><\/p>\n<p>Ob und wie das auch die Deutschen Meisterschaften am Dornsberg betrifft konnte der Bundesflintenreferent Michael Eck nach erster Nachfrage nicht kl\u00e4ren.<br>Es bleibt abzuwarten, wie sich die Situation in Deutschland entwickelt.<br><br>Weiter Informationen gibt es u.a. beim <a href=\"https:\/\/www.dsb.de\/aktuelles\/artikel\/dsb-dsb-praesidium-sagt-alle-nationalen-wettkaempfe-2020-ab-8109\/\" target=\"_blank\" rel=\"noopener noreferrer\">Deutschen Sch\u00fctzenbund<\/a>, auf unserer Facebook-Seite oder direkt hier.<br><br>Bleibt gesund, wascht Euch die H\u00e4nde, hustet keinen an und schie\u00dft in kleinen Gruppen.<\/p>\n<hr class=\"wp-block-separator\">\n<p class=\"has-background has-pale-pink-background-color\" style=\"text-align: center;\"><strong>Aufgrund der aktuellen Lage bitten wir die Sch\u00fctzinnen und Sch\u00fctzen, die Fieber haben, erk\u00e4ltet sind, in Kontakt mit an Covid-19 erkrankten Personen standen oder sich j\u00fcngst in Risikogebieten in und au\u00dferhalb von Deutschland aufgehalten haben, von einem Kontakt zu anderen Sch\u00fctzen abzusehen.<br><\/strong><\/p>\n<\/div>\n","protected":false},"excerpt":{"rendered":"<p>Absagen von Veranstaltungen<\/p>\n","protected":false},"author":1,"featured_media":1593,"comment_status":"open","ping_status":"open","sticky":false,"template":"","format":"standard","meta":{"ngg_post_thumbnail":0,"footnotes":""},"categories":[1],"tags":[283,282,280],"class_list":{"0":"entry","1":"post","2":"publish","3":"author-matmac","4":"has-excerpt","5":"post-1598","7":"format-standard","8":"has-post-thumbnail","9":"category-uncategorized","10":"post_tag-absagen","11":"post_tag-corona","12":"post_tag-virus"},"_links":{"self":[{"href":"https:\/\/compak-sporting.de\/index.php?rest_route=\/wp\/v2\/posts\/1598","targetHints":{"allow":["GET"]}}],"collection":[{"href":"https:\/\/compak-sporting.de\/index.php?rest_route=\/wp\/v2\/posts"}],"about":[{"href":"https:\/\/compak-sporting.de\/index.php?rest_route=\/wp\/v2\/types\/post"}],"author":[{"embeddable":true,"href":"https:\/\/compak-sporting.de\/index.php?rest_route=\/wp\/v2\/users\/1"}],"replies":[{"embeddable":true,"href":"https:\/\/compak-sporting.de\/index.php?rest_route=%2Fwp%2Fv2%2Fcomments&post=1598"}],"version-history":[{"count":3,"href":"https:\/\/compak-sporting.de\/index.php?rest_route=\/wp\/v2\/posts\/1598\/revisions"}],"predecessor-version":[{"id":1603,"href":"https:\/\/compak-sporting.de\/index.php?rest_route=\/wp\/v2\/posts\/1598\/revisions\/1603"}],"wp:featuredmedia":[{"embeddable":true,"href":"https:\/\/compak-sporting.de\/index.php?rest_route=\/wp\/v2\/media\/1593"}],"wp:attachment":[{"href":"https:\/\/compak-sporting.de\/index.php?rest_route=%2Fwp%2Fv2%2Fmedia&parent=1598"}],"wp:term":[{"taxonomy":"category","embeddable":true,"href":"https:\/\/compak-sporting.de\/index.php?rest_route=%2Fwp%2Fv2%2Fcategories&post=1598"},{"taxonomy":"post_tag","embeddable":true,"href":"https:\/\/compak-sporting.de\/index.php?rest_route=%2Fwp%2Fv2%2Ftags&post=1598"}],"curies":[{"name":"wp","href":"https:\/\/api.w.org\/{rel}","templated":true}]}}