{"id":1594,"date":"2020-02-27T14:34:17","date_gmt":"2020-02-27T13:34:17","guid":{"rendered":"https:\/\/compak-sporting.de\/?p=1594"},"modified":"2020-02-27T14:34:17","modified_gmt":"2020-02-27T13:34:17","slug":"iwa-2020-ist-abgesagt","status":"publish","type":"post","link":"https:\/\/compak-sporting.de\/?p=1594","title":{"rendered":"IWA 2020 ist abgesagt"},"content":{"rendered":"\n<p>Wie auch schon auf den Seiten von <a href=\"https:\/\/www.all4shooters.com\" target=\"_blank\" rel=\"noopener noreferrer\">All4Shooters<\/a> zu lesen ist, die IWA Outdoor Classic 2020 ist aufgrund des Corona-Virus abgesagt bzw. verschoben.<br>Bereits vor ca. 2 Stunden hat auch schon ein gro\u00dfer Flintenhersteller aus Italien seinen Besuch abgesagt, was man sich schon h\u00e4tte denken k\u00f6nnen, liegt der Hauptsitz, Gardone, nur in knapp 100 km Entfernung zu den von der italienischen Regierung abgeriegelten St\u00e4dten in der Lombardei.<\/p>\n<p>Wie und ob es dieses Jahr noch was mit der Messe wird &#8211; wir halten Euch auf dem Laufenden.<\/p>\n","protected":false},"excerpt":{"rendered":"<p>+++ Messetermin gestrichen +++ Ersatz evtl. in Aussicht +++<\/p>\n","protected":false},"author":1,"featured_media":1593,"comment_status":"open","ping_status":"open","sticky":false,"template":"","format":"standard","meta":{"ngg_post_thumbnail":0,"footnotes":""},"categories":[26],"tags":[279,278,281,280],"class_list":{"0":"entry","1":"post","2":"publish","3":"author-matmac","4":"has-excerpt","5":"post-1594","7":"format-standard","8":"has-post-thumbnail","9":"category-blog","10":"post_tag-abgesagt","11":"post_tag-iwa-2020","12":"post_tag-messe","13":"post_tag-virus"},"_links":{"self":[{"href":"https:\/\/compak-sporting.de\/index.php?rest_route=\/wp\/v2\/posts\/1594","targetHints":{"allow":["GET"]}}],"collection":[{"href":"https:\/\/compak-sporting.de\/index.php?rest_route=\/wp\/v2\/posts"}],"about":[{"href":"https:\/\/compak-sporting.de\/index.php?rest_route=\/wp\/v2\/types\/post"}],"author":[{"embeddable":true,"href":"https:\/\/compak-sporting.de\/index.php?rest_route=\/wp\/v2\/users\/1"}],"replies":[{"embeddable":true,"href":"https:\/\/compak-sporting.de\/index.php?rest_route=%2Fwp%2Fv2%2Fcomments&post=1594"}],"version-history":[{"count":2,"href":"https:\/\/compak-sporting.de\/index.php?rest_route=\/wp\/v2\/posts\/1594\/revisions"}],"predecessor-version":[{"id":1596,"href":"https:\/\/compak-sporting.de\/index.php?rest_route=\/wp\/v2\/posts\/1594\/revisions\/1596"}],"wp:featuredmedia":[{"embeddable":true,"href":"https:\/\/compak-sporting.de\/index.php?rest_route=\/wp\/v2\/media\/1593"}],"wp:attachment":[{"href":"https:\/\/compak-sporting.de\/index.php?rest_route=%2Fwp%2Fv2%2Fmedia&parent=1594"}],"wp:term":[{"taxonomy":"category","embeddable":true,"href":"https:\/\/compak-sporting.de\/index.php?rest_route=%2Fwp%2Fv2%2Fcategories&post=1594"},{"taxonomy":"post_tag","embeddable":true,"href":"https:\/\/compak-sporting.de\/index.php?rest_route=%2Fwp%2Fv2%2Ftags&post=1594"}],"curies":[{"name":"wp","href":"https:\/\/api.w.org\/{rel}","templated":true}]}}