{"id":1562,"date":"2019-12-13T19:40:10","date_gmt":"2019-12-13T18:40:10","guid":{"rendered":"https:\/\/compak-sporting.de\/?p=1562"},"modified":"2019-12-13T19:56:08","modified_gmt":"2019-12-13T18:56:08","slug":"waffenrechtsverschaerfung","status":"publish","type":"post","link":"https:\/\/compak-sporting.de\/?p=1562","title":{"rendered":"Waffenrechtsversch\u00e4rfung"},"content":{"rendered":"\n<p>Viele Diskussionen, Petitionen, Stammtischgespr\u00e4che &#8211; was ist passiert:<\/p>\n\n\n\n<p>Nach anf\u00e4nglicher Verwirrung, welche der unterschiedlichen Onlinepetitionen hilfreich ist, haben immerhin  ca. 55.000 vermeintlich legale Waffenbesitzer bei einer der Onlinepetition auf dem Portal des Deutschen Bundestages abgestimmt. Bedenkt man, dass das Gesetz nicht nur den Umgang mit Schusswaffen regeln soll, dann ist das ein relativ armes Bild, welches nicht nur wir Sportler von uns geben.<br>Liegt es an der eigenen Faulheit oder ist es nur die Hilflosigkeit gegen\u00fcber unseren politischen Vertretern in Berlin?<br><br>Jedenfalls scheint der gr\u00f6\u00dfte Schie\u00dfsportverband sich nach der heutigen Abstimmung im Bundestag noch kein Urteil \u00fcber das Ergebnis erlauben zu wollen. Vielmehr versucht er \u00fcber die Welle der Petitionen noch Mitstreiter f\u00fcr die F\u00f6rderung der Leistungssportler \u00fcber die Bundeswehr zu finden.<br><br>Die anderen Verb\u00e4nde zeigen sich der Basis n\u00e4her und man findet im Netz Stellungnahmen z.B. von <a rel=\"noopener noreferrer\" href=\"https:\/\/www.jagdverband.de\/content\/umstrittene-neuregelung-des-waffengesetzes-beschlossen\" target=\"_blank\">DJV<\/a>, <a rel=\"noreferrer noopener\" aria-label=\"BDS (opens in a new tab)\" href=\"https:\/\/www.bdsnet.de\/aktuelles\/nachrichten.html\" target=\"_blank\">BDS<\/a> und <a rel=\"noreferrer noopener\" aria-label=\"DSU (opens in a new tab)\" href=\"http:\/\/www.d-s-u.de\/index.php?id=233\" target=\"_blank\">DSU<\/a>. Auch die Printmedien sind schneller zur Stelle: <a rel=\"noopener noreferrer\" href=\"https:\/\/www.all4shooters.com\/de\/shooting\/waffenkultur\/waffenrecht-2019-bundestag-waffengesetz-beschlossen-magazine-verbot-beduerfnis-aenderungen\/\" target=\"_blank\">all4shooters<\/a>.<br>Dass der <a rel=\"noreferrer noopener\" aria-label=\"BDMP (opens in a new tab)\" href=\"https:\/\/www.bdmp.de\/aktuelles\/news-details\/news\/deutscher-bundestag-verabschiedet-3-waffenrechtsaenderunggesetz\/?tx_news_pi1%5Bcontroller%5D=News&amp;tx_news_pi1%5Baction%5D=detail&amp;cHash=fdba70226c82e1b6a5af9c36217237db\" target=\"_blank\">BDMP<\/a> davon berichtet, dass der Bundestag schon am 12.12. abgestimmt hat, zeigt einmal mehr, wie gro\u00df die Emotionen bei diesem Thema sind. Hier liegt mit Sicherheit ein Druckfehler vor, denn am heutigen Tag (13.12.2019) ist im Plenarsaal des Bundestages folgendes passiert:<\/p>\n\n\n\n<hr class=\"wp-block-separator\"\/>\n\n\n\n<script id=\"tv7407487\" src=\"https:\/\/webtv.bundestag.de\/player\/macros\/bttv\/hls\/player.js?content=7407487&amp;phi=default\"><\/script>\n\n\n\n<p>Eine stichpunktartige Zusammenfassung der Abgeordneten in chronologischer Reihenfolge, falls die eingebetteten Videos gel\u00f6scht werden sollten. Oder f\u00fcr diejenigen, die Scripte in Ihrem Browser nicht erlauben.<\/p>\n\n\n\n<hr class=\"wp-block-separator\"\/>\n\n\n\n<script id=\"tv7407489\" src=\"https:\/\/webtv.bundestag.de\/player\/macros\/bttv\/hls\/player.js?content=7407489&amp;phi=default\"><\/script>\n\n\n\n<p>Marc Henrichmann, CDU\/CSU:<br>\nBedankt sich bei den Verb\u00e4nden f\u00fcr die Mithilfe. Begrenzung der Waffen auf gelbe WBK, Entwaffnung von Reichsb\u00fcrgern. Gute, tolle L\u00f6sung, mit der alle beteiligten leben k\u00f6nnen. Magazin-Frage: Ausnahmegenehmigungen k\u00f6nnen \u00fcber das BMI\/BKA beantragt. Kleinste Kaliber bei der Anmeldung, Schalld\u00e4mpfer bundeseinheitlich gel\u00f6st. In Ausnahmef\u00e4llen kann ein Sachverst\u00e4ndiger die Person aufs Amt zitieren. Verfassungsschutzabfrage. Mit Antragstellung wird eine Anfrage beim Verfassungsschutz gestellt. Verbotszonen d\u00fcrfen von legalen Waffenbesitzern betreten werden. Freigabe von Nachtzieltechnik an Bedingungen gekn\u00fcpft. Die Fraktion der CDU\/CSU wird dem Gesetz zustimmen.<\/p>\n\n\n\n<hr class=\"wp-block-separator\"\/>\n\n\n\n<script id=\"tv7407490\" src=\"https:\/\/webtv.bundestag.de\/player\/macros\/bttv\/hls\/player.js?content=7407490&amp;phi=default\"><\/script>\n\n\n\n<p>Martin Hess, AfD:<br>\nVersch\u00e4rfung des Waffengesetzes l\u00e4sst sich als reiner, politischer Aktivismus statt Sicherheitsgewinn zusammenfassen. Gewaltverbrecher und Terroristen halten sich nicht an Gesetze. Gegen alle Stimmen aus den Fachverb\u00e4nden halten die anderen Fraktionen an den \u00c4nderungen der Magazinkapazit\u00e4ten fest und tragen damit zu erheblichen b\u00fcrokratischem Mehraufwand bei, erh\u00f6hen die Kosten und kriminalisieren unbescholtene B\u00fcrger. Er sieht darin eine ideologische statt Vernunft-betriebene Gesetzes\u00e4nderung. Sportsch\u00fctzen und J\u00e4ger geh\u00f6ren schon jetzt zu den am st\u00e4rksten kontrollierten B\u00fcrger, welche Zunehmens verunglimpft werden. Die Regelabfrage beim Verfassungsschutz ist unn\u00f6tig, da Erkenntnisse \u00fcber Extremisten schon jetzt an die Beh\u00f6rden weitergeleitet werden. Die Waffenrechts\u00e4nderung macht klar, die regierenden Parteien kriminalisieren unbescholtenen B\u00fcrger, statt die tats\u00e4chliche Ursachen der Messer-Kriminalit\u00e4t zu benennen. Verbotszonen bringen keinen Sicherheitsgewinn, da es zudem an Personal mangelt, diese Zonen durchzusetzen.<\/p>\n\n\n\n<hr class=\"wp-block-separator\"\/>\n\n\n\n<script id=\"tv7407491\" src=\"https:\/\/webtv.bundestag.de\/player\/macros\/bttv\/hls\/player.js?content=7407491&amp;phi=default\"><\/script>\n\n\n\n<p>Helge Lindh, SPD:<br>\nWaffenverbotszonen an Schulen sind sinnvoll und keine Einschr\u00e4nkung unbescholtener B\u00fcrger. Wer Waffen-benutzende Ausl\u00e4nder und Fl\u00fcchtlinge abschieben will, der legt damit Gro\u00dfteile der deutschen Gastronomie lahm.<br>\nPrepper, Reichsb\u00fcrger und sonstige verfassungsfeindliche B\u00fcrger sollen keine Waffen bekommen. Man will die Sch\u00fctzinnen und Sch\u00fctzen nicht instrumentalisieren, sondern agieren. Ohne konsequenter Waffenkontrolle spielen man mit menschlichem Leben. Bataclan, Fall Amri, Halle, diverse Amokl\u00e4ufe, rechtfertigen die Kontrolle rechtschaffener B\u00fcrger in deren Sinne. Bedankt sich f\u00fcr die Zusammenarbeit der Koalition und der demokratischen Parteien f\u00fcr die Zusammenarbeit. Am Ende hat die Qualit\u00e4t der Argumente gesiegt und nicht die F\u00fclle der Einwendungen. Es gibt keinen Gegensatz von Sicherheit und Freiheit. Das Waffengesetz ist nun so rechtssicher und praktikabel wie noch nie. Richtig und sinnvoll ist eine Regelabfrage mit Nachbeweispflicht. Entwaffnung und Bestrafung von Verfassungsfeinde.<\/p>\n\n\n\n<hr class=\"wp-block-separator\"\/>\n\n\n\n<script id=\"tv7407492\" src=\"https:\/\/webtv.bundestag.de\/player\/macros\/bttv\/hls\/player.js?content=7407492&amp;phi=default\"><\/script>\n\n\n\n<p>Konstantin Kuhle, FPD:<br>\nHat auch viele Briefe von Betroffenen bekommen und sieht das nicht so despektierlich wie die Koalitionspartner. Der Entwurf der Waffenrechts\u00e4nderung ist mit \u00fcber einem Jahr Versp\u00e4tung vorgelegt worden und ist mit einer Versch\u00e4rfung weit \u00fcber das Ziel der EU-Richtlinie hinausgeschossen.<br>\nDie zweite Vorlage ist deutlich abgeschw\u00e4cht, was die Bed\u00fcrfnispr\u00fcfung angeht, nicht jedoch was die Magazine angeht. Ein Wunsch nach Ausnahmegenehmigungen des BKA ist nicht klar genug. Dadurch wird der Schie\u00dfsport ins Ausland verschoben und es ergibt sich rechtliche Unsicherheit f\u00fcr Sportsch\u00fctzen. Die Forderung Extremisten Waffen nicht zug\u00e4nglich zu machen ist sinnvoll. Die Regel\u00fcberpr\u00fcfung ist ein Generalverdacht, Alternativen wurden nicht beachtet und geltendes Recht nicht ausreichend angewandt. Waffenverbotszonen k\u00f6nnten zuk\u00fcnftig zu einer massiven Ausdehnung von anlasslosen Personenkontrollen f\u00fchren.<\/p>\n\n\n\n<hr class=\"wp-block-separator\"\/>\n\n\n\n<script id=\"tv7407493\" src=\"https:\/\/webtv.bundestag.de\/player\/macros\/bttv\/hls\/player.js?content=7407493&amp;phi=default\"><\/script>\n\n\n\n<p>Martina Renner, Die Linke:<br>\nDie Linke steht f\u00fcr weniger Waffen und mehr Sicherheit. Legale Waffen, die nicht im Umlauf sind, begehen keine Verbrechen. Sie sieht die Sch\u00e4rfung des kaum verst\u00e4ndlichen Waffenrechts kritisch. Vor dem alarmierendem Missstand, legale Waffen in den H\u00e4nden von Rechtsextremen, sch\u00fctzt die Regelanfrage beim Inlandsgeheimdienst nicht. Dieser legt selbst fest, welcher Nazi seine Waffen behalten darf und welcher nicht. Sie (Die Linke) werden sich beim Gesetzesentwurf enthalten.<\/p>\n\n\n\n<hr class=\"wp-block-separator\"\/>\n\n\n\n<script id=\"tv7407494\" src=\"https:\/\/webtv.bundestag.de\/player\/macros\/bttv\/hls\/player.js?content=7407494&amp;phi=default\"><\/script>\n\n\n\n<p>Dr. Irene Mihalic, B90\/Gr\u00fcne:<br>\nEmpfindet das Waffenrecht als kompliziert. Eine nicht unerhebliche Zahl stirbt durch legale Schusswaffen. Angst vor legaler Bewaffnung in der rechten Szene.<\/p>\n\n\n\n<hr class=\"wp-block-separator\"\/>\n\n\n\n<script id=\"tv7407495\" src=\"https:\/\/webtv.bundestag.de\/player\/macros\/bttv\/hls\/player.js?content=7407495&amp;phi=default\"><\/script>\n\n\n\n<p>Mario Mieruch, fraktionslos:<br>\nSpricht von umgekehrter B\u00fcrokratieabbau: Es reicht nicht die EU-Richtlinie umzusetzen. Deutschland sieht auch hier ein Verkomplizieren vor. Rechte und Pflichten von Gesetzestreuen sind direkt von Gesetzlosen abh\u00e4ngig. Steht in Zukunft jeder Pfadfinder mit einem Bein im Gef\u00e4ngnis? F\u00fcr Terroristen und Amokl\u00e4ufer \u00e4ndert sich nach der Versch\u00e4rfung nichts.<\/p>\n\n\n\n<hr class=\"wp-block-separator\"\/>\n\n\n\n<script id=\"tv7407496\" src=\"https:\/\/webtv.bundestag.de\/player\/macros\/bttv\/hls\/player.js?content=7407496&amp;phi=default\"><\/script>\n\n\n\n<p>Andrea Lindholz, CDU\/CSU:<br>\nBesch\u00e4ftigt sich seit 2016 mit der Waffenrechtsreform. Islamistische T\u00e4ter haben in diesen Jahren europ\u00e4ische Schreckschusswaffen aus Osteuropa zu scharfe Waffen umgebaut. Europa war gezwungen gemeinsame und verl\u00e4ssliche Standards zu schaffen. Diese Umsetzung wird zwei Millionen legale Waffenbesitzer nicht unter Generalverdacht stellen. Ihre Partei hat im Vorfeld schon die medizinisch psychologische Pr\u00fcfung und die zeitliche begrenzte Waffenerlaubnis verhindert. Sie bedankt sich f\u00fcr die Zusammenarbeit der Fachverb\u00e4nde und konstruktive Kritik \u00fcber Briefe, beim bayerischen Innenminister und den anderen Fraktionen. Sie stimmt zu, dass die maximale Menge von 10 Waffen auf die gelbe WBK gerechtfertigt ist, da im Mordfall L\u00fcbke, die drei Beschuldigten insgesamt ca. 50 Waffen gehortet haben. Verbote von gro\u00dfen Magazinen, wie sie beim IPSC-Schie\u00dfen gebraucht werden, betrifft nur das Inland nicht jedoch Wettk\u00e4mpfe im Ausland. \u00dcber die Schwierigkeiten bei den Ausnahmeregelungen sind sie informiert.<\/p>\n\n\n\n<hr class=\"wp-block-separator\"\/>\n\n\n\n<script id=\"tv7407497\" src=\"https:\/\/webtv.bundestag.de\/player\/macros\/bttv\/hls\/player.js?content=7407497&amp;phi=default\"><\/script>\n\n\n\n<p>Die Abstimmung:<br>Das Waffenrechts-\u00c4nderungsgesetz wurde  mit den Stimmen der Koalition CDU\/CSU und SPD, gegen die Stimmen der Fraktionen der AfD und der FDP verabschiedet.<br>Enthaltungen kamen aus den Fraktionen der B90\/Gr\u00fcne und Die Linke.<\/p>\n\n\n\n<hr class=\"wp-block-separator\"\/>\n\n\n\n<p>Abschlie\u00dfend muss sich jeder selbst fragen, ob die oben erw\u00e4hnten Parteien Unrecht damit tun, Magdalena Neuner, Laura Dahlmeier und Sven Fischer in einen Topf zu werfen mit den Terroristen des Pariser Bataclan-Theaters.<br>Olympische Medaillentr\u00e4ger wie Henri Jungh\u00e4nel, Barbara Engleder und Christian Reitz haben mit dem Verbrecher Anis Amri nichts gemeinsam. Der ortsans\u00e4ssige J\u00e4ger, der f\u00fcr den Weihnachtsbraten sorgt, ist kein verblendeter Islamist und Messerschlitzer. \u00dcber Inklusion im Schie\u00dfsport wird in den meisten Medien genauso wenig berichtet, wie \u00fcber Auflagen, Schie\u00dfnachweise, Pr\u00fcfungen, Waffenschr\u00e4nke, Versicherungen, psychologische Gutachten, Abfragen beim Verfassungsschutz, polizeiliche F\u00fchrungszeugnisse und Aufgabe der Pers\u00f6nlichkeitsrechte. Das sind alles Opfer, die die meisten von uns in ihrer Freizeit bringen. Wir gehen einem Hobby nach, f\u00fcr dessen Aus\u00fcbung man uns immer mehr zur Kasse bittet und immer mehr Steine in den Weg legt.<br>Denn die k\u00fcrzeren Intervalle zur \u00dcberpr\u00fcfung der Schie\u00dfst\u00e4nde &#8211; wie sie im oben genannten Gesetz vorgesehen sind &#8211; tragen weder zur Sicherheit der Bev\u00f6lkerung, noch zum Schutz vor Terrorismus bei.<\/p>\n\n\n\n<p>Im Klartext: Wer Schie\u00dfsport in Deutschland betreibt, hat sich, im Gegensatz zu Terroristen und Extremisten, schon lange von seinen Pers\u00f6nlichkeitsrechten verabschiedet. Und die Hauptverantwortlichen daf\u00fcr hatten noch nicht mal den Anstand gehabt heute im Plenarsaal dabei zu sein.<\/p>\n\n\n\n<p class=\"has-small-font-size\"><em>Die Quelle der Videos sowie deren Rechte liegt beim &#8222;Deutschen Bundestag&#8220;. Weiterf\u00fchrende Informationen und Links zu den Dokumenten sind hier zu finden: <a href=\"https:\/\/www.bundestag.de\/mediathek?videoid=7407488#url=L21lZGlhdGhla292ZXJsYXk\/dmlkZW9pZD03NDA3NDg4JnZpZGVvaWQ9NzQwNzQ4OA==&amp;mod=mediathek\" target=\"_blank\" rel=\"noreferrer noopener\" aria-label=\"https:\/\/www.bundestag.de\/mediathek?videoid=7407488#url=L21lZGlhdGhla292ZXJsYXk\/dmlkZW9pZD03NDA3NDg4JnZpZGVvaWQ9NzQwNzQ4OA==&amp;mod=mediathek (opens in a new tab)\">https:\/\/www.bundestag.de\/mediathek?videoid=7407488#url=L21lZGlhdGhla292ZXJsYXk\/dmlkZW9pZD03NDA3NDg4JnZpZGVvaWQ9NzQwNzQ4OA==&amp;mod=mediathek<\/a><\/em><\/p>\n\n\n","protected":false},"excerpt":{"rendered":"<p>Im Klartext: Wer Schie\u00dfsport in Deutschland betreibt, hat sich, im Gegensatz zu Terroristen und Extremisten, schon lange von seinen Pers\u00f6nlichkeitsrechten verabschiedet.<\/p>\n","protected":false},"author":1,"featured_media":1575,"comment_status":"open","ping_status":"open","sticky":false,"template":"","format":"standard","meta":{"ngg_post_thumbnail":0,"footnotes":""},"categories":[26],"tags":[274,273,277,275,276,221,272,222],"class_list":{"0":"entry","1":"post","2":"publish","3":"author-matmac","4":"has-excerpt","5":"post-1562","7":"format-standard","8":"has-post-thumbnail","9":"category-blog","10":"post_tag-bundesrat","11":"post_tag-bundestag","12":"post_tag-eu","13":"post_tag-gesetze","14":"post_tag-richtlinien","15":"post_tag-verschaerfung","16":"post_tag-waffengesetz","17":"post_tag-waffenrecht"},"_links":{"self":[{"href":"https:\/\/compak-sporting.de\/index.php?rest_route=\/wp\/v2\/posts\/1562","targetHints":{"allow":["GET"]}}],"collection":[{"href":"https:\/\/compak-sporting.de\/index.php?rest_route=\/wp\/v2\/posts"}],"about":[{"href":"https:\/\/compak-sporting.de\/index.php?rest_route=\/wp\/v2\/types\/post"}],"author":[{"embeddable":true,"href":"https:\/\/compak-sporting.de\/index.php?rest_route=\/wp\/v2\/users\/1"}],"replies":[{"embeddable":true,"href":"https:\/\/compak-sporting.de\/index.php?rest_route=%2Fwp%2Fv2%2Fcomments&post=1562"}],"version-history":[{"count":15,"href":"https:\/\/compak-sporting.de\/index.php?rest_route=\/wp\/v2\/posts\/1562\/revisions"}],"predecessor-version":[{"id":1591,"href":"https:\/\/compak-sporting.de\/index.php?rest_route=\/wp\/v2\/posts\/1562\/revisions\/1591"}],"wp:featuredmedia":[{"embeddable":true,"href":"https:\/\/compak-sporting.de\/index.php?rest_route=\/wp\/v2\/media\/1575"}],"wp:attachment":[{"href":"https:\/\/compak-sporting.de\/index.php?rest_route=%2Fwp%2Fv2%2Fmedia&parent=1562"}],"wp:term":[{"taxonomy":"category","embeddable":true,"href":"https:\/\/compak-sporting.de\/index.php?rest_route=%2Fwp%2Fv2%2Fcategories&post=1562"},{"taxonomy":"post_tag","embeddable":true,"href":"https:\/\/compak-sporting.de\/index.php?rest_route=%2Fwp%2Fv2%2Ftags&post=1562"}],"curies":[{"name":"wp","href":"https:\/\/api.w.org\/{rel}","templated":true}]}}