{"id":1120,"date":"2019-06-25T17:03:44","date_gmt":"2019-06-25T16:03:44","guid":{"rendered":"https:\/\/compak-sporting.de\/?p=1120"},"modified":"2019-07-24T10:41:07","modified_gmt":"2019-07-24T09:41:07","slug":"deutsche-meisterschaft-im-compak-faellt-aus-waaas","status":"publish","type":"post","link":"https:\/\/compak-sporting.de\/?p=1120","title":{"rendered":"Deutsche Meisterschaft im Compak f\u00e4llt aus? Waaas?"},"content":{"rendered":"\n<p>Ich weiss nicht, ob es an dem suboptimalen Start der DM im letzten Jahr liegt, oder an dem Umbau der Homepage des DSB.<br>Scheinbar haben sich so wenig Starter und Starterinnen gemeldet, dass das Event laut der Kalender-Seite des <a rel=\"noreferrer noopener\" aria-label=\"DSB (opens in a new tab)\" href=\"https:\/\/www.dsb.de\/schiesssport\/kalender\/details\/deutsche-meisterschaft-fitasc-compakr-sporting-findet-nicht-statt-2097\/\" target=\"_blank\">DSB<\/a> ausf\u00e4llt.<br>Dumm nur, wer so wie ich schon seit Hotel gebucht hat. K\u00f6nnen wir die Absage noch dadurch stoppen, dass wir die Nachz\u00fcgler dazu bewegen sich anzumelden?<br>Eine Anmeldung ist zurzeit noch m\u00f6glich (25.6. 18 Uhr)<\/p>\n\n\n\n<p class=\"has-background has-pale-pink-background-color\">25.6. 19:10 Uhr:<br>Fast alle Sch\u00fctzen und Teilnehmer des Vorjahres sind \u00fcberrascht, dass es vonseiten des DSB zu einer offiziellen Absage noch vor dem Meldeschluss am 15.7. kommt.<br>Nach diesem Artikel wurde erst mal telefoniert und herausgefunden, dass alle guten Sch\u00fctzen des Vorjahres dabei sein werden Hendrick Wienands, Johannes Unverdorben, Markus Leibinger, Reinhold Winterl und viele andere.<br>Kontakt zum DSB ergab, dass bis jetzt nur 21 Meldungen eingegangen sind und man deshalb eine Absage erteilt.<\/p>\n\n\n\n<p class=\"has-background has-pale-pink-background-color\">25.6. 20:00 Uhr:<br>Ich habe mal den Link zur Anmeldung entfernt. Weitere Meldungen des DSB haben ergeben, dass die Termine in Suhl angeblich schon anderweitig vergeben sind. Wie bereits erw\u00e4hnt, ist das knapp drei Wochen vor Meldeschluss etwas seltsam.<br>Schade auch, dass eine Mindestteilnehmerzahl nicht offiziell und \u00f6ffentlich festgelegt wurde. <\/p>\n\n\n\n<p class=\"has-background has-pale-pink-background-color\">26.6. 21:00 Uhr:<br>Der DSB hat sich heute schon via E-Mail gemeldet, alle Nachrichten best\u00e4tigt und will das Startgeld erstatten.<\/p>\n\n\n\n<p style=\"text-align:left\" class=\"has-background has-pale-pink-background-color\">28.6. 12:53 Uhr:<br>Eine Ersatzveranstaltung in S\u00f6rnewitz ist wohl doch nicht m\u00f6glich.<\/p>\n\n\n","protected":false},"excerpt":{"rendered":"<p>Wie es der DSB schafft, seine Mitglieder zu ver\u00e4rgern.<\/p>\n","protected":false},"author":1,"featured_media":0,"comment_status":"open","ping_status":"closed","sticky":false,"template":"","format":"standard","meta":{"ngg_post_thumbnail":0,"footnotes":""},"categories":[26,7],"tags":[233,119,118,95],"class_list":{"0":"entry","1":"post","2":"publish","3":"author-matmac","4":"has-excerpt","5":"post-1120","7":"format-standard","8":"category-blog","9":"category-compak-sporting","10":"post_tag-absage","11":"post_tag-anmeldung","12":"post_tag-deutsche-meisterschaft","13":"post_tag-dm"},"_links":{"self":[{"href":"https:\/\/compak-sporting.de\/index.php?rest_route=\/wp\/v2\/posts\/1120","targetHints":{"allow":["GET"]}}],"collection":[{"href":"https:\/\/compak-sporting.de\/index.php?rest_route=\/wp\/v2\/posts"}],"about":[{"href":"https:\/\/compak-sporting.de\/index.php?rest_route=\/wp\/v2\/types\/post"}],"author":[{"embeddable":true,"href":"https:\/\/compak-sporting.de\/index.php?rest_route=\/wp\/v2\/users\/1"}],"replies":[{"embeddable":true,"href":"https:\/\/compak-sporting.de\/index.php?rest_route=%2Fwp%2Fv2%2Fcomments&post=1120"}],"version-history":[{"count":12,"href":"https:\/\/compak-sporting.de\/index.php?rest_route=\/wp\/v2\/posts\/1120\/revisions"}],"predecessor-version":[{"id":1222,"href":"https:\/\/compak-sporting.de\/index.php?rest_route=\/wp\/v2\/posts\/1120\/revisions\/1222"}],"wp:attachment":[{"href":"https:\/\/compak-sporting.de\/index.php?rest_route=%2Fwp%2Fv2%2Fmedia&parent=1120"}],"wp:term":[{"taxonomy":"category","embeddable":true,"href":"https:\/\/compak-sporting.de\/index.php?rest_route=%2Fwp%2Fv2%2Fcategories&post=1120"},{"taxonomy":"post_tag","embeddable":true,"href":"https:\/\/compak-sporting.de\/index.php?rest_route=%2Fwp%2Fv2%2Ftags&post=1120"}],"curies":[{"name":"wp","href":"https:\/\/api.w.org\/{rel}","templated":true}]}}