{"id":1098,"date":"2019-06-08T20:01:43","date_gmt":"2019-06-08T19:01:43","guid":{"rendered":"https:\/\/compak-sporting.de\/?p=1098"},"modified":"2019-07-24T10:45:27","modified_gmt":"2019-07-24T09:45:27","slug":"katja-triebel-das-bmi","status":"publish","type":"post","link":"https:\/\/compak-sporting.de\/?p=1098","title":{"rendered":"Katja Triebel &#038; das BMI"},"content":{"rendered":"\n<article id=\"post-1509\" class=\"post-1509 post type-post status-publish format-standard hentry category-uncategorized category-vereinsleben\">\n<div class=\"entry-body\">\n<div class=\"entry-content\">\n<p>Das BMI hat sich erneut Gedanken \u00fcber eine Waffenrechts\u00e4nderung gemacht:<br>Der illegalen Zugang zu scharfen Schusswaffen soll erschwert werden, die Nachverfolgung s\u00e4mtlicher Schusswaffen und ihrer wesentlichen Teile \u00fcber ihren gesamten Lebenszyklus erm\u00f6glicht und die Nutzung von legalen Schusswaffen zur Begehung terroristischer Anschl\u00e4ge erschweren werden.<br>Ein durchaus erstrebenswertes Vorhaben, dass wahrscheinlich jeder legale Waffenbesitzer so unterschreiben w\u00fcrde.<br>Doch nun zum L\u00f6sungsvorschlag: Das BMI hat es in seiner Gesetzesvorlage nicht nur vor die Rechte aller Besitzer von legalen, erwerbsscheinplichtigen Waffen einzuschr\u00e4nken \u2013 nein \u2013 ins Visier geraten auch der andere Teil der Bundesb\u00fcrger. Unter generellen Terrorverdacht ger\u00e4t z.B. jeder B\u00fcrger, der ein Messer sein Eigen nennt oder z.B. eine Deko-Waffe hat.<br>Kritik gibt es deshalb nicht nur von den Sportsch\u00fctzen und J\u00e4gern; in den Stellungnahmen der drei nationalen Polizeigewerkschaften (Bund Deutscher Kriminalbeamter, Deutsche Polizeigewerkschaft und Gewerkschaft der Polizei) wird der gesamte Entwurf der Waffenrechts\u00e4nderung als nicht geeignet angesehen, Kriminalit\u00e4t und Terrorismus zu bek\u00e4mpfen. (<a href=\"https:\/\/german-rifle-association.de\/eu-magazinverbot\/\" target=\"_blank\" rel=\"noreferrer noopener\" aria-label=\"Link (opens in a new tab)\"><em>Link<\/em><\/a>)<br>Der Druck f\u00fcr die \u00c4nderung kam von h\u00f6herer Stelle, aus Br\u00fcssel.<br><br>An dieser Stelle folgender Aufruf:<br>Ihr verbringt sonst auch Zeit f\u00fcr Euer Hobby, schaut Euch doch mal die Online-Petition von Katja Triebel an. Katja Triebel (Mitinhaberin Triebel Jagd- und Sportwaffen GmbH), hat sich entschlossen \u00fcber den Petitionsausschuss das BMI direkt zu erreichen und es auf sachliche Fehler beim neuerlichen Gesetzesentwurf zur Versch\u00e4rfung des Waffenrechts aufmerksam zu machen. Leider l\u00e4uft die Petition schon ein paar Tage und es fehlen noch ordentlich Unterschriften.<\/p>\n<p><span class=\"tadv-color\">Wir empfehlen: Lesen, teilen und ggf. unterschreiben.<br><br>Auch wenn es Euch vielleicht heute noch nicht direkt betrifft, legale Waffenbesitzer und m\u00fcndige B\u00fcrger sitzen alle in einem Boot.<br><\/span><\/p>\n<p><a href=\"https:\/\/www.openpetition.de\/petition\/online\/nein-zur-unverhaeltnismaessigen-verschaerfung-des-waffenrechts-bmi-gesetzentwurf-vom-9-januar-2019\">https:\/\/www.openpetition.de\/petition\/online\/nein-zur-unverhaeltnismaessigen-verschaerfung-des-waffenrechts-bmi-gesetzentwurf-vom-9-januar-2019<\/a><\/p>\n<\/div>\n<\/div>\n<\/article>\n","protected":false},"excerpt":{"rendered":"<p>Ein zaghafter Versuch, sich gegen die Pl\u00e4ne einer Waffenrechtsversch\u00e4rfung starkzumachen. Ein Artikel, der jeden interessieren sollte.<\/p>\n","protected":false},"author":1,"featured_media":1102,"comment_status":"open","ping_status":"open","sticky":false,"template":"","format":"standard","meta":{"ngg_post_thumbnail":0,"footnotes":""},"categories":[26,7,6],"tags":[218,219,223,220,226,224,225,227,221,222],"class_list":{"0":"entry","1":"post","2":"publish","3":"author-matmac","4":"has-excerpt","5":"post-1098","7":"format-standard","8":"has-post-thumbnail","9":"category-blog","10":"category-compak-sporting","11":"category-sporting","12":"post_tag-bmi","13":"post_tag-bundesministerium-des-inneren","14":"post_tag-europawahl","15":"post_tag-katja-triebel","16":"post_tag-messer","17":"post_tag-parteien","18":"post_tag-petition","19":"post_tag-schusswaffe","20":"post_tag-verschaerfung","21":"post_tag-waffenrecht"},"_links":{"self":[{"href":"https:\/\/compak-sporting.de\/index.php?rest_route=\/wp\/v2\/posts\/1098","targetHints":{"allow":["GET"]}}],"collection":[{"href":"https:\/\/compak-sporting.de\/index.php?rest_route=\/wp\/v2\/posts"}],"about":[{"href":"https:\/\/compak-sporting.de\/index.php?rest_route=\/wp\/v2\/types\/post"}],"author":[{"embeddable":true,"href":"https:\/\/compak-sporting.de\/index.php?rest_route=\/wp\/v2\/users\/1"}],"replies":[{"embeddable":true,"href":"https:\/\/compak-sporting.de\/index.php?rest_route=%2Fwp%2Fv2%2Fcomments&post=1098"}],"version-history":[{"count":3,"href":"https:\/\/compak-sporting.de\/index.php?rest_route=\/wp\/v2\/posts\/1098\/revisions"}],"predecessor-version":[{"id":1225,"href":"https:\/\/compak-sporting.de\/index.php?rest_route=\/wp\/v2\/posts\/1098\/revisions\/1225"}],"wp:featuredmedia":[{"embeddable":true,"href":"https:\/\/compak-sporting.de\/index.php?rest_route=\/wp\/v2\/media\/1102"}],"wp:attachment":[{"href":"https:\/\/compak-sporting.de\/index.php?rest_route=%2Fwp%2Fv2%2Fmedia&parent=1098"}],"wp:term":[{"taxonomy":"category","embeddable":true,"href":"https:\/\/compak-sporting.de\/index.php?rest_route=%2Fwp%2Fv2%2Fcategories&post=1098"},{"taxonomy":"post_tag","embeddable":true,"href":"https:\/\/compak-sporting.de\/index.php?rest_route=%2Fwp%2Fv2%2Ftags&post=1098"}],"curies":[{"name":"wp","href":"https:\/\/api.w.org\/{rel}","templated":true}]}}