{"id":1085,"date":"2019-05-23T14:13:29","date_gmt":"2019-05-23T13:13:29","guid":{"rendered":"https:\/\/compak-sporting.de\/?p=1085"},"modified":"2019-07-24T11:45:24","modified_gmt":"2019-07-24T10:45:24","slug":"wichtig-europawahlen","status":"publish","type":"post","link":"https:\/\/compak-sporting.de\/?p=1085","title":{"rendered":"WICHTIG: Europawahlen"},"content":{"rendered":"\n<p>An diesem Sonntag (26.05.2019) findet die neunte Direktwahl zum Europ\u00e4ischen Parlament in Deutschland statt.<br>Wer noch z\u00f6gert zu w\u00e4hlen oder nicht sicher ist, wen er w\u00e4hlt, sollte sich Folgendes ins Ged\u00e4chtnis rufen:<br><br>Das  BMI hat sich erneut Gedanken \u00fcber eine Waffenrechts\u00e4nderung gemacht:<br>Der illegalen Zugang zu scharfen Schusswaffen soll erschweret werden, die Nachverfolgung s\u00e4mtlicher Schusswaffen und ihrer wesentlichen Teile  \u00fcber ihren gesamten Lebenszyklus erm\u00f6glicht und die Nutzung von  legalen Schusswaffen zur Begehung terroristischer Anschl\u00e4ge erschweren  werden.<br>Ein durchaus erstrebenswertes Vorhaben, dass wahrscheinlich jeder legale Waffenbesitzer so unterschreiben w\u00fcrde.<br>Doch nun zum L\u00f6sungsvorschlag: Das BMI hat es in seiner Gesetzesvorlage nicht  nur vor die Rechte aller Besitzer von legalen, erwerbsscheinplichtigen Waffen einzuschr\u00e4nken &#8211; nein &#8211; ins Visier geraten auch der andere Teil der Bundesb\u00fcrger. Unter generellen Terrorverdacht ger\u00e4t z.B. jeder B\u00fcrger, der ein Messer sein Eigen nennt oder z.B. eine Deko-Waffe hat.<br>Kritik gibt es deshalb nicht nur von den Sportsch\u00fctzen und  J\u00e4gern; in den Stellungnahmen der drei nationalen Polizeigewerkschaften  (Bund Deutscher Kriminalbeamter, Deutsche Polizeigewerkschaft und  Gewerkschaft der Polizei) wird der gesamte Entwurf der Waffenrechts\u00e4nderung als <strong>nicht geeignet angesehen<\/strong>, Kriminalit\u00e4t und Terrorismus zu bek\u00e4mpfen. (<a rel=\"noreferrer noopener\" href=\"https:\/\/german-rifle-association.de\/eu-magazinverbot\/\" target=\"_blank\"><em>Link<\/em><\/a>)<\/p>\n\n\n\n<p>Besch\u00e4mt muss man zur Zeit (drei Tage vor der Wahl) sehen, dass auf den Homepages der gr\u00f6\u00dften Schie\u00dfsportverb\u00e4nde die Europawahl kein Thema ist.<\/p>\n\n\n\n<ul>\n<li><span style=\"color: #ff0000;\">Bund der Milit\u00e4r- und Polizeisch\u00fctzen e.V.<\/span><\/li>\n<li><span style=\"color: #ff0000;\">Deutscher Sch\u00fctzenbund e.V.<\/span><\/li>\n<li><span style=\"color: #ff0000;\">Deutsche Schie\u00dfsport Union e.V.<\/span><\/li>\n<li><span style=\"color: #ff0000;\">Verband der Reservisten der Deutschen Bundeswehr e.V.<\/span><\/li>\n<li><span style=\"color: #ff0000;\">Kyffh\u00e4userbund e.V.<\/span><\/li>\n<li><span style=\"color: #ff0000;\">Bund Deutscher Sportsch\u00fctzen e.V.<\/span><\/li>\n<li><span style=\"color: #ff0000;\">Bayerische Kameraden- und Soldatenvereinigung e.V.<\/span><\/li>\n<li><span style=\"color: #ff0000;\">Bayerischer Soldatenbund 1874 e.V.<\/span><\/li>\n<li><span style=\"color: #ff0000;\">Freie Sch\u00fctzen in Deutschland e.V.<\/span><\/li>\n<\/ul>\n<p>&#8230; befassen sich nicht mit dem Thema Europawahl.<\/p>\n\n\n\n<p>Allein der <span style=\"color: #008000; background-color: #ffffff;\">&#8222;Bund der Historischen Deutschen Sch\u00fctzenbruderschaften e.V.&#8220;<\/span> macht auf seiner Titelseite klar, wie wichtig die Europawahl ist &#8211; nicht nur f\u00fcr die Wertevorstellung verschiedener Vereine.<br>Die Ausl\u00f6ser f\u00fcr die oben erw\u00e4hnte Waffenrechts\u00e4nderung sind Gewalttaten mit Verletzen und Toten, ver\u00fcbt von Verbrecher mit illegalen Schusswaffen, die bei terroristischen Anschl\u00e4gen in Frankreich, Belgien und Deutschland nicht nur unwahrscheinlich gro\u00dfes Leid erzeugten, sondern auch jeden legalen Waffenbesitzer in ganz Europa mit F\u00fc\u00dfen getreten und nun auch alle anderen EU-B\u00fcrger mit in ihren barbarischen Sog gezogen haben.<br>Solche Taten zu verhindern, versucht das Europ\u00e4ische Parlament zuk\u00fcnftig mit gut gemeinten, unter \u00f6ffentlichen Druck entstandenen, aber vollkommen falsch ausgef\u00fchrten Gesetzen&nbsp; (<em><a href=\"http:\/\/www.europarl.europa.eu\/news\/de\/press-room\/20170126BKG59909\/revision-of-the-eu-firearms-directive-an-overview\" target=\"_blank\" rel=\"noreferrer noopener\">Link<\/a><\/em>).<br><br>Deshalb hier an dieser Stelle folgender Aufruf: Ihr habt noch drei Tage Zeit, Euch \u00fcber die Europawahl zu informieren und daran zu beteilligen. Ihr verbringt sonst wesentlich mehr Zeit f\u00fcr ein Hobby, was es bald nicht mehr geben k\u00f6nnte.<\/p>\n","protected":false},"excerpt":{"rendered":"<p>Der Kurs des Europ\u00e4ischen Parlaments wird auch von Euch angegeben.<\/p>\n","protected":false},"author":1,"featured_media":1093,"comment_status":"open","ping_status":"open","sticky":false,"template":"","format":"standard","meta":{"ngg_post_thumbnail":0,"footnotes":""},"categories":[26,7,6],"tags":[],"class_list":{"0":"entry","1":"post","2":"publish","3":"author-matmac","4":"has-excerpt","5":"post-1085","7":"format-standard","8":"has-post-thumbnail","9":"category-blog","10":"category-compak-sporting","11":"category-sporting"},"_links":{"self":[{"href":"https:\/\/compak-sporting.de\/index.php?rest_route=\/wp\/v2\/posts\/1085","targetHints":{"allow":["GET"]}}],"collection":[{"href":"https:\/\/compak-sporting.de\/index.php?rest_route=\/wp\/v2\/posts"}],"about":[{"href":"https:\/\/compak-sporting.de\/index.php?rest_route=\/wp\/v2\/types\/post"}],"author":[{"embeddable":true,"href":"https:\/\/compak-sporting.de\/index.php?rest_route=\/wp\/v2\/users\/1"}],"replies":[{"embeddable":true,"href":"https:\/\/compak-sporting.de\/index.php?rest_route=%2Fwp%2Fv2%2Fcomments&post=1085"}],"version-history":[{"count":10,"href":"https:\/\/compak-sporting.de\/index.php?rest_route=\/wp\/v2\/posts\/1085\/revisions"}],"predecessor-version":[{"id":1231,"href":"https:\/\/compak-sporting.de\/index.php?rest_route=\/wp\/v2\/posts\/1085\/revisions\/1231"}],"wp:featuredmedia":[{"embeddable":true,"href":"https:\/\/compak-sporting.de\/index.php?rest_route=\/wp\/v2\/media\/1093"}],"wp:attachment":[{"href":"https:\/\/compak-sporting.de\/index.php?rest_route=%2Fwp%2Fv2%2Fmedia&parent=1085"}],"wp:term":[{"taxonomy":"category","embeddable":true,"href":"https:\/\/compak-sporting.de\/index.php?rest_route=%2Fwp%2Fv2%2Fcategories&post=1085"},{"taxonomy":"post_tag","embeddable":true,"href":"https:\/\/compak-sporting.de\/index.php?rest_route=%2Fwp%2Fv2%2Ftags&post=1085"}],"curies":[{"name":"wp","href":"https:\/\/api.w.org\/{rel}","templated":true}]}}